[{"@context":"https:\/\/schema.org\/","@type":"Article","@id":"https:\/\/www.rerere.cz\/jak-je-to-s-dovolenou-kdyz-clovek-pracuje\/#Article","mainEntityOfPage":"https:\/\/www.rerere.cz\/jak-je-to-s-dovolenou-kdyz-clovek-pracuje\/","headline":"Jak je to s dovolenou, kdy\u017e \u010dlov\u011bk pracuje?","name":"Jak je to s dovolenou, kdy\u017e \u010dlov\u011bk pracuje?","description":"Jsou lid\u00e9, kte\u0159\u00ed zat\u00edm nepracuj\u00ed a zaj\u00edmalo by https:\/\/www.databazeknih.cz\/knihy\/kdo-jinemu-jamu-kopa-4381 je, jak je to s dovolenou v p\u0159\u00edpad\u011b, \u017ee \u010dlov\u011bk u\u017e pracuje. Je to snadn\u00e9, kolikr\u00e1t sta\u010d\u00ed zaj\u00edt za nad\u0159\u00edzen\u00fdm a \u0159\u00edct mu, \u017ee byste na ur\u010ditou dobu pot\u0159ebovali na dovolenou, proto\u017ee u\u017e dlouho pl\u00e1nujete, \u017ee si n\u011bkam vyraz\u00edte a u\u017e to v\u00e1\u017en\u011b pot\u0159ebujete, abyste si [&hellip;]","datePublished":"2023-01-14","dateModified":"2023-05-07","author":{"@type":"Person","@id":"https:\/\/www.rerere.cz\/author\/#Person","name":"","url":"https:\/\/www.rerere.cz\/author\/","identifier":1,"image":{"@type":"ImageObject","@id":"https:\/\/secure.gravatar.com\/avatar\/046c8368865b87ac6ea06cde0e0a80b91304a43fe31de210702ad59bbd9a1974?s=96&d=mm&r=g","url":"https:\/\/secure.gravatar.com\/avatar\/046c8368865b87ac6ea06cde0e0a80b91304a43fe31de210702ad59bbd9a1974?s=96&d=mm&r=g","height":96,"width":96}},"publisher":{"@type":"Organization","name":"rerere.cz","logo":{"@type":"ImageObject","@id":"\/logo.png","url":"\/logo.png","width":600,"height":60}},"image":{"@type":"ImageObject","@id":"https:\/\/www.rerere.cz\/wp-content\/uploads\/dovo_8.JPG","url":"https:\/\/www.rerere.cz\/wp-content\/uploads\/dovo_8.JPG","height":0,"width":0},"url":"https:\/\/www.rerere.cz\/jak-je-to-s-dovolenou-kdyz-clovek-pracuje\/","about":["Finance"],"wordCount":444,"articleBody":"       Jsou lid\u00e9, kte\u0159\u00ed zat\u00edm nepracuj\u00ed a zaj\u00edmalo by https:\/\/www.databazeknih.cz\/knihy\/kdo-jinemu-jamu-kopa-4381  je, jak je to s dovolenou v p\u0159\u00edpad\u011b, \u017ee \u010dlov\u011bk u\u017e pracuje. Je to snadn\u00e9, kolikr\u00e1t sta\u010d\u00ed zaj\u00edt za nad\u0159\u00edzen\u00fdm a \u0159\u00edct mu, \u017ee byste na ur\u010ditou dobu pot\u0159ebovali na dovolenou, proto\u017ee u\u017e dlouho pl\u00e1nujete, \u017ee si n\u011bkam vyraz\u00edte a u\u017e to v\u00e1\u017en\u011b pot\u0159ebujete, abyste si trochu odpo\u010dinuli.Je jasn\u00e9, \u017ee b\u011bhem zku\u0161ebn\u00ed doby by si \u010dlov\u011bk rad\u011bji dovolenou br\u00e1t nem\u011bl a to u\u017e jen proto, \u017ee po zku\u0161ebn\u00ed dobu se m\u00e1 \u010dlov\u011bk rozhodnout, jestli by s v\u00e1mi cht\u011bl nebo necht\u011bl spolupracovat a pokud v dan\u00e9 spole\u010dnosti nebudete tak dlouho jak je pot\u0159eba, co\u017e jsou v\u011bt\u0161inou t\u0159i m\u011bs\u00edce, jednak si t\u00edm budete danou zku\u0161ebn\u00ed dobu prodlu\u017eovat, co\u017e nen\u00ed ide\u00e1ln\u00ed, proto\u017ee to pro mnoh\u00e9 znamen\u00e1 del\u0161\u00ed dobu m\u00e9n\u011b pen\u011bz a jednak se klidn\u011b m\u016f\u017ee st\u00e1t to, \u017ee si bude zam\u011bstnavatel myslet, \u017ee jste to ud\u011blali schv\u00e1ln\u011b a \u017ee v dan\u00e9 spole\u010dnosti nem\u00e1te a\u017e takov\u00fd z\u00e1jem pracovat, jak si dan\u00fd zam\u011bstnavatel myslel.Rozhodn\u011b by bylo dobr\u00e9 aby to neza\u0161lo tak daleko, aby by si dan\u00fd zam\u011bstnavatel myslel, \u017ee o danou pr\u00e1ci nestoj\u00edte kdy\u017e jste o n\u00ed st\u00e1li, proto\u017ee by to klidn\u011b mohlo dopadnout tak, \u017ee by mohl zavolat jin\u00e9mu uchaze\u010di a tomu d\u00e1t \u0161anci m\u00edsto v\u00e1s. I n\u011bco takov\u00e9ho se m\u016f\u017ee klidn\u011b st\u00e1t. Je proto dobr\u00e9, pokud chce \u010dlov\u011bk dovolenou, aby s t\u00edm po\u010dkal a\u017e po zku\u0161ebn\u00ed dob\u011b, kdy u\u017e si n\u011bco takov\u00e9ho budete moct dovolit.Jak je s dovolenou od zam\u011bstnavatele Hypotekybezregistru? Uvid\u00edte, \u017ee na konec nebude tak slo\u017eit\u00e9 se s va\u0161im zam\u011bstnavatelem na n\u011bjak\u00e9 t\u00e9 dovolen\u00e9 domluvit, proto\u017ee \u010dlov\u011bk m\u00e1 n\u00e1rok na ur\u010dit\u00fd po\u010det dn\u00ed dovolen\u00e9, kter\u00e9 by m\u011bl vyu\u017e\u00edt, proto\u017ee se klidn\u011b m\u016f\u017ee st\u00e1t to, \u017ee si danou dovolenou budete muset vybrat v prosinci a to ne v\u0161em vyhovuje, proto\u017ee na dovolen\u00e9 se jezd\u00ed zejm\u00e9na v l\u00e9t\u011b a v prosinci \u010dlov\u011bk jen velmi t\u011b\u017eko se\u017eene n\u011bjakou dovolenou, kter\u00e1 by za to mohla st\u00e1t.Ur\u010dit\u011b se po zku\u0161ebn\u00ed dob\u011b nebojte s \u0161\u00e9fem domlouvat na dovolenou, pokud j\u00ed budete pot\u0159ebovat. Ur\u010dit\u011b to p\u016fjde n\u011bjak\u00fdm zp\u016fsobem vymyslet.                                                                                                                                                                                                                                                                                                                                                                                                  "},{"@context":"https:\/\/schema.org\/","@type":"BreadcrumbList","itemListElement":[{"@type":"ListItem","position":1,"name":"Jak je to s dovolenou, kdy\u017e \u010dlov\u011bk pracuje?","item":"https:\/\/www.rerere.cz\/jak-je-to-s-dovolenou-kdyz-clovek-pracuje\/#breadcrumbitem"}]}]