[{"@context":"https:\/\/schema.org\/","@type":"Article","@id":"https:\/\/www.rerere.cz\/oriflame\/#Article","mainEntityOfPage":"https:\/\/www.rerere.cz\/oriflame\/","headline":"Oriflame","name":"Oriflame","description":"Dekorativn\u00ed kosmetika Oriflame podtrhne t\u00edm spr\u00e1vn\u00fdm a \u00fa\u010dinn\u00fdm zp\u016fsobem p\u0159irozenou kr\u00e1su ka\u017ed\u00e9 d\u00edvky a \u017eeny. M\u00e1me pestrou nab\u00eddku r\u016fzn\u00fdch \u0159ad. Kvalitn\u00ed v\u00fdrobky maj\u00ed modern\u00ed a \u00fa\u010dinn\u00e9 slo\u017een\u00ed, a jsou baleny ve stylov\u00fdch obalech. Z v\u00fdrobk\u016f dekorativn\u00ed kosmetiky Oriflame si vybere ka\u017ed\u00e1 \u017eena. Jsou ur\u010deny pro r\u016fzn\u00e9 styly, typy pleti, pro rozmanit\u00e9 p\u0159\u00edle\u017eitosti, denn\u00ed i ve\u010dern\u00ed [&hellip;]","datePublished":"2025-01-24","dateModified":"2025-01-24","author":{"@type":"Person","@id":"https:\/\/www.rerere.cz\/author\/#Person","name":"","url":"https:\/\/www.rerere.cz\/author\/","identifier":1,"image":{"@type":"ImageObject","@id":"https:\/\/secure.gravatar.com\/avatar\/046c8368865b87ac6ea06cde0e0a80b91304a43fe31de210702ad59bbd9a1974?s=96&d=mm&r=g","url":"https:\/\/secure.gravatar.com\/avatar\/046c8368865b87ac6ea06cde0e0a80b91304a43fe31de210702ad59bbd9a1974?s=96&d=mm&r=g","height":96,"width":96}},"publisher":{"@type":"Organization","name":"rerere.cz","logo":{"@type":"ImageObject","@id":"\/logo.png","url":"\/logo.png","width":600,"height":60}},"url":"https:\/\/www.rerere.cz\/oriflame\/","wordCount":160,"articleBody":"Dekorativn\u00ed kosmetika Oriflame podtrhne t\u00edm spr\u00e1vn\u00fdm a \u00fa\u010dinn\u00fdm zp\u016fsobem p\u0159irozenou kr\u00e1su ka\u017ed\u00e9 d\u00edvky a \u017eeny. M\u00e1me pestrou nab\u00eddku r\u016fzn\u00fdch \u0159ad. Kvalitn\u00ed v\u00fdrobky maj\u00ed modern\u00ed a \u00fa\u010dinn\u00e9 slo\u017een\u00ed, a jsou baleny ve stylov\u00fdch obalech.Z v\u00fdrobk\u016f dekorativn\u00ed kosmetiky Oriflame si vybere ka\u017ed\u00e1 \u017eena. Jsou ur\u010deny pro r\u016fzn\u00e9 styly, typy pleti, pro rozmanit\u00e9 p\u0159\u00edle\u017eitosti, denn\u00ed i ve\u010dern\u00ed l\u00ed\u010den\u00ed, pro ka\u017edou n\u00e1ladu a ro\u010dn\u00ed obdob\u00ed. Dekorativn\u00ed kosmetika je zde pro ka\u017edou p\u0159\u00edle\u017eitost.P\u0159\u00edpravky na nehtyPro p\u00e9\u010di o nehty je ur\u010deno mnoho v\u00fdrobk\u016f Oriflame. Laky na nehty vysok\u00e9 kvality v nejr\u016fzn\u011bj\u0161\u00edch modern\u00edch a klasick\u00fdch odst\u00ednech budou jist\u011b vyhovovat ka\u017ed\u00e9 \u017een\u011b. Krom\u011b lak\u016f je nutn\u00e1 i p\u00e9\u010de o nehty, jejich zdrav\u00ed a dokonal\u00fd vzhled. K tomu slou\u017e\u00ed p\u011bst\u00edc\u00ed p\u0159\u00edpravky.                                                                                                                                                                                                                                                                                                                                                                                                "},{"@context":"https:\/\/schema.org\/","@type":"BreadcrumbList","itemListElement":[{"@type":"ListItem","position":1,"name":"Oriflame","item":"https:\/\/www.rerere.cz\/oriflame\/#breadcrumbitem"}]}]