[{"@context":"https:\/\/schema.org\/","@type":"Article","@id":"https:\/\/www.rerere.cz\/s-autem-do-snehu\/#Article","mainEntityOfPage":"https:\/\/www.rerere.cz\/s-autem-do-snehu\/","headline":"S autem do sn\u011bhu","name":"S autem do sn\u011bhu","description":"J\u00e1 p\u0159edpokl\u00e1d\u00e1m, \u017ee pokud m\u00e1te automobil, tak o auto se tak\u00e9 \u0159\u00e1dn\u011b star\u00e1te. Opravdu by bylo potom velice smutn\u00e9, kdybyste se dozv\u011bd\u011bli, \u017ee pr\u00e1v\u011b va\u0161\u00ed vinou va\u0161e auto u\u017e nen\u00ed v tak dokonal\u00e9 kondici, jako t\u0159eba bylo p\u0159ed lety a nebo v takov\u00e9 kondici, v jak\u00e9 jste si mysleli. Proto si mysl\u00edm, \u017ee opravdu nejlep\u0161\u00ed [&hellip;]","datePublished":"2023-08-27","dateModified":"2023-11-02","author":{"@type":"Person","@id":"https:\/\/www.rerere.cz\/author\/#Person","name":"","url":"https:\/\/www.rerere.cz\/author\/","identifier":1,"image":{"@type":"ImageObject","@id":"https:\/\/secure.gravatar.com\/avatar\/046c8368865b87ac6ea06cde0e0a80b91304a43fe31de210702ad59bbd9a1974?s=96&d=mm&r=g","url":"https:\/\/secure.gravatar.com\/avatar\/046c8368865b87ac6ea06cde0e0a80b91304a43fe31de210702ad59bbd9a1974?s=96&d=mm&r=g","height":96,"width":96}},"publisher":{"@type":"Organization","name":"rerere.cz","logo":{"@type":"ImageObject","@id":"\/logo.png","url":"\/logo.png","width":600,"height":60}},"image":{"@type":"ImageObject","@id":"https:\/\/www.rerere.cz\/wp-content\/uploads\/chain-1742948_1280.jpg","url":"https:\/\/www.rerere.cz\/wp-content\/uploads\/chain-1742948_1280.jpg","height":0,"width":0},"url":"https:\/\/www.rerere.cz\/s-autem-do-snehu\/","about":["Podnik\u00e1n\u00ed"],"wordCount":403,"articleBody":"   J\u00e1 p\u0159edpokl\u00e1d\u00e1m, \u017ee pokud m\u00e1te automobil, tak o auto se tak\u00e9 \u0159\u00e1dn\u011b star\u00e1te. Opravdu by bylo potom velice smutn\u00e9, kdybyste se dozv\u011bd\u011bli, \u017ee pr\u00e1v\u011b va\u0161\u00ed vinou va\u0161e auto u\u017e nen\u00ed v tak dokonal\u00e9 kondici, jako t\u0159eba bylo p\u0159ed lety a nebo v takov\u00e9 kondici, v jak\u00e9 jste si mysleli. Proto si mysl\u00edm, \u017ee opravdu nejlep\u0161\u00ed by bylo, kdybyste chodili opravdu pravideln\u011b na servisn\u00ed prohl\u00eddky s automobilem. Tak\u00e9 nen\u00ed od v\u011bci, abyste s n\u00edm jezdili \u010dast\u011bji do my\u010dky. A to hlavn\u011b v zim\u011b.A ihned v\u00e1m \u0159eknu, pro\u010d si mysl\u00edm, \u017ee je velice vhodn\u00e9 jezdit do automy\u010dky, kdy\u017e je zima. Proto\u017ee jsem se tak\u00e9 dozv\u011bd\u011bla informace, \u017ee se mnoho lid\u00ed pt\u00e1, pro\u010d by n\u011bkdo jezdil do automy\u010dky, kdy\u017e je pr\u00e1v\u011b sn\u00edh a auto se v\u00e1m zespoda umyje pr\u00e1v\u011b sn\u011bhem a nebo n\u011bjakou sn\u011bhovou b\u0159e\u010dkou? A je to voda jako voda. Jenom\u017ee tohle je opravdu velik\u00fd omyl, proto\u017ee silnice jsou p\u0159eci n\u011bkdy posolen\u00e9, tak\u017ee to samoz\u0159ejm\u011b potom tak\u00e9 ni\u010d\u00ed podvozek automobilu. Pokud si to nemysl\u00edte, tak se klidn\u011b zeptejte kdejak\u00e9ho auto oprav\u00e1\u0159e a ten v\u00e1m tohle potvrd\u00ed. Pokud ale jezd\u00edte tak\u00e9 n\u011bkam na pole nebo do lesa, tak se v\u00e1m budou jist\u011b tak\u00e9 mo\u017en\u00e1 hodit sn\u011bhov\u00e9 \u0159et\u011bzy 215\/65 R 16 https:\/\/www.convoytruck.cz\/povinna-vybava-auta\/snehove-retezy\/1799-snehove-retezy-240d.html.J\u00e1 si mysl\u00edm, \u017ee pr\u00e1v\u011b tyto sn\u011bhov\u00e9 \u0159et\u011bzy 215\/65 R \u0161estn\u00e1ct se jsou velice kvalitn\u00ed, proto\u017ee jsem se dozv\u011bd\u011bla, \u017ee se prod\u00e1vaj\u00ed opravdu nejv\u00edce. Tak\u00e9 si ale mus\u00edte d\u00e1t pozor, aby n\u011bjak\u00e9 sn\u011bhov\u00e9 \u0159et\u011bzy pr\u00e1v\u011b pasovali na va\u0161e auto. Proto\u017ee ne ka\u017ed\u00e9 auto m\u00e1 stejn\u00e1 kola. Dejte si ale pozor, abyste tak\u00e9 u\u017e m\u011bli sn\u011bhov\u00e9 pneumatiky, kdy\u017e si budete d\u00e1vat sn\u011bhov\u00e9 \u0159et\u011bzy 215\/65 R \u0161estn\u00e1ct. J\u00e1 sama jsem si tyto sn\u011bhov\u00e9 \u0159et\u011bzy R 16 po\u0159\u00eddila, proto\u017ee mi je doporu\u010dil i m\u016fj partner, kter\u00fd m\u00e1 sv\u00e9 auto a tyto sn\u011bhov\u00e9 \u0159et\u011bzy 215\/65 R \u0161estn\u00e1ct m\u00e1 tak\u00e9. Pr\u00fd je maxim\u00e1ln\u011b spokojen\u00fd a v\u011b\u0159\u00ed, \u017ee i j\u00e1 budu spokojen\u00e1. A sn\u011bhov\u00e9 \u0159et\u011bzy 215\/65 R \u0161estn\u00e1ct budou opravdu odoln\u00e9.                                                                                                                                                                                                                                                                                                                                                                                                   "},{"@context":"https:\/\/schema.org\/","@type":"BreadcrumbList","itemListElement":[{"@type":"ListItem","position":1,"name":"S autem do sn\u011bhu","item":"https:\/\/www.rerere.cz\/s-autem-do-snehu\/#breadcrumbitem"}]}]