[{"@context":"https:\/\/schema.org\/","@type":"Article","@id":"https:\/\/www.rerere.cz\/voda-priroda-a-skvele-jidlo\/#Article","mainEntityOfPage":"https:\/\/www.rerere.cz\/voda-priroda-a-skvele-jidlo\/","headline":"Voda, p\u0159\u00edroda a skv\u011bl\u00e9 j\u00eddlo","name":"Voda, p\u0159\u00edroda a skv\u011bl\u00e9 j\u00eddlo","description":"M\u00e1te letos m\u00e9n\u011b pen\u011bz na dovolenou a tak se smutn\u011b lou\u010d\u00edte s vidinou dovolen\u00e9 u mo\u0159e nebo zkr\u00e1tka v zahrani\u010d\u00ed? Je v\u00e1m l\u00edto, \u017ee si letos neu\u017eijete pot\u00e1p\u011bn\u00ed v Chorvatsku, horsk\u00e9 t\u00fary ve \u0160v\u00fdcarsku nebo pozn\u00e1v\u00e1n\u00ed n\u011bkter\u00e9ho z hlavn\u00edch evropsk\u00fdch m\u011bst? V\u011b\u0159\u00edme, \u017ee na\u0161e nab\u00eddka je natolik zaj\u00edmav\u00e1, \u017ee v\u016fbec nemus\u00edte litovat, \u017ee v\u00e1m letos [&hellip;]","datePublished":"2025-01-09","dateModified":"2025-01-09","author":{"@type":"Person","@id":"https:\/\/www.rerere.cz\/author\/#Person","name":"","url":"https:\/\/www.rerere.cz\/author\/","identifier":1,"image":{"@type":"ImageObject","@id":"https:\/\/secure.gravatar.com\/avatar\/046c8368865b87ac6ea06cde0e0a80b91304a43fe31de210702ad59bbd9a1974?s=96&d=mm&r=g","url":"https:\/\/secure.gravatar.com\/avatar\/046c8368865b87ac6ea06cde0e0a80b91304a43fe31de210702ad59bbd9a1974?s=96&d=mm&r=g","height":96,"width":96}},"publisher":{"@type":"Organization","name":"rerere.cz","logo":{"@type":"ImageObject","@id":"\/logo.png","url":"\/logo.png","width":600,"height":60}},"url":"https:\/\/www.rerere.cz\/voda-priroda-a-skvele-jidlo\/","wordCount":187,"articleBody":"M\u00e1te letos m\u00e9n\u011b pen\u011bz na dovolenou a tak se smutn\u011b lou\u010d\u00edte s vidinou dovolen\u00e9 u mo\u0159e nebo zkr\u00e1tka v zahrani\u010d\u00ed? Je v\u00e1m l\u00edto, \u017ee si letos neu\u017eijete pot\u00e1p\u011bn\u00ed v Chorvatsku, horsk\u00e9 t\u00fary ve \u0160v\u00fdcarsku nebo pozn\u00e1v\u00e1n\u00ed n\u011bkter\u00e9ho z hlavn\u00edch evropsk\u00fdch m\u011bst? V\u011b\u0159\u00edme, \u017ee na\u0161e nab\u00eddka je natolik zaj\u00edmav\u00e1, \u017ee v\u016fbec nemus\u00edte litovat, \u017ee v\u00e1m letos pen\u00edze na zahrani\u010dn\u00ed dovolenou nevybyly. Sly\u0161eli jste ji\u017e o M\u00e1chovo jezero ubytov\u00e1n\u00ed? Nab\u00edz\u00edme v\u00e1m aktivn\u00ed dovolenou v kr\u00e1sn\u00e9 p\u0159\u00edrod\u011b Pokud jste je\u0161t\u011b o M\u00e1chovo jezero ubytov\u00e1n\u00ed nesly\u0161eli, r\u00e1di v\u00e1m o n\u011bm n\u011bco pov\u00edme. Nab\u00edz\u00edme v\u00e1m dovolenou uprost\u0159ed n\u00e1dhern\u00e9 p\u0159\u00edrody, nab\u00edz\u00edme v\u00e1m \u010dist\u00e9 a upraven\u00e9 chatky, kter\u00e9 jsou vybaven\u00e9 tak, \u017ee v\u00e1s to samotn\u00e9 p\u0159ekvap\u00ed. Mnoho m\u00edst, kam se v okol\u00ed jet pod\u00edvat na v\u00fdlet, mnoho mo\u017enost\u00ed jak tr\u00e1vit voln\u00fd \u010das.                                                                                                                                                                                                                                                                                                                                                                                                "},{"@context":"https:\/\/schema.org\/","@type":"BreadcrumbList","itemListElement":[{"@type":"ListItem","position":1,"name":"Voda, p\u0159\u00edroda a skv\u011bl\u00e9 j\u00eddlo","item":"https:\/\/www.rerere.cz\/voda-priroda-a-skvele-jidlo\/#breadcrumbitem"}]}]